{"id":636,"date":"2017-09-09T23:43:53","date_gmt":"2017-09-09T23:43:53","guid":{"rendered":"http:\/\/www.escueladerespiracion.com\/?p=636"},"modified":"2018-07-23T16:59:40","modified_gmt":"2018-07-23T15:59:40","slug":"testimonios-de-alumnos","status":"publish","type":"post","link":"https:\/\/www.escueladerespiracion.com\/index.php\/testimonios-de-alumnos\/","title":{"rendered":"Testimonios de alumnos"},"content":{"rendered":"<p>[vc_row][vc_column][vc_column_text]<\/p>\n<p style=\"text-align: center;\"><strong>Quiero expresar mi gratitud a todas estas personas (y a muchas otras cuyos testimonios no est\u00e1n aqu\u00ed) por sus palabras de apoyo, por su confianza, por todo lo que con ellas he aprendido a lo largo de estos a\u00f1os.<\/strong><\/p>\n<p style=\"text-align: center;\">El trabajo que hago es fruto de mi propia experiencia personal con el Rebirthing, Renacimiento o, tambi\u00e9n llamado &#8220;<strong>Respiraci\u00f3n consciente y conectada<\/strong>&#8220;. S\u00e9 que es bueno porque ha funcionado conmigo, pero tambi\u00e9n ha sido bueno para muchos otros.<\/p>\n<p class=\"azul_normal\" style=\"text-align: center;\">Aqu\u00ed tienes estos testimonios que as\u00ed lo confirman.<\/p>\n<p class=\"azul_normal\" style=\"text-align: center;\"><strong>GRACIAS<\/strong><\/p>\n<div align=\"center\">\n<hr align=\"center\" size=\"2\" width=\"100%\" \/>\n<\/div>\n<blockquote><p>He gozado mucho de este curso, me sorprende como se pueden controlar las emociones y el poder el poder del pensamiento a la hora de reproducirlas. Pienso que muchos problemas de la gente actual, est\u00e1 en estas emociones descontroladas y dominadoras, \u00a1es una pena que esto no llegue a todo el mundo! Cambiar\u00eda la vida de las personas, con una herramienta tan barata y al alcance como es la Respiraci\u00f3n\u201d<\/p><\/blockquote>\n<p style=\"text-align: right;\"><strong>Margarita Hdez. El Poder de la Respiraci\u00f3n, 29.1.2012<\/strong><\/p>\n<div align=\"center\">\n<hr align=\"center\" size=\"2\" width=\"100%\" \/>\n<\/div>\n<blockquote><p>Ha sido muy liberador romper mis prejuicios hacia lo que pensaba quiz\u00e1 iba a ser una t\u00e9cnica m\u00e1s de las muchas que he probado y me han dejado con cierta sensaci\u00f3n de indiferencia.<br \/>\nMe ha sorprendido mucho lo que he sentido y comprobar que ya no siento miedo a \u201cperder el control\u201d. Siento alegr\u00eda. GRACIAS!!!!!<\/p><\/blockquote>\n<p style=\"text-align: right;\"><strong>Mar\u00eda P\u00e9rez Cerd\u00e1. El Poder de la Respiraci\u00f3n, 29.1.2012<\/strong><\/p>\n<div align=\"center\">\n<hr align=\"center\" size=\"2\" width=\"100%\" \/>\n<\/div>\n<blockquote><p>Me pregunto, c\u00f3mo con la evidencia que ya he tenido y se sigue manifestando, es posible que a\u00fan desconf\u00ede o sienta miedo ni siquiera un segundo en mi vida.<\/p><\/blockquote>\n<p style=\"text-align: right;\"><strong>Eva Darias. El Poder de la Respiraci\u00f3n, 29.1.2012<\/strong><\/p>\n<div align=\"center\">\n<hr align=\"center\" size=\"2\" width=\"100%\" \/>\n<\/div>\n<blockquote><p>Ha supuesto aprender que la respiraci\u00f3n no es s\u00f3lo coger y soltar aire.<br \/>\nHe aprendido que la respiraci\u00f3n es el control de la energ\u00eda y mi superaci\u00f3n como persona d\u00eda a d\u00eda y con los m\u00edos.<\/p><\/blockquote>\n<p style=\"text-align: right;\"><strong>Agustin Acevedo. El Poder de la Respiraci\u00f3n, 4-12-2011<\/strong><\/p>\n<div align=\"center\">\n<hr align=\"center\" size=\"2\" width=\"100%\" \/>\n<\/div>\n<p style=\"text-align: center;\"><strong>VIAJE DE IDA Y VUELTA<\/strong><br \/>\nTestimonio de Jhonatan David \u2013 Mayo de 2010<br \/>\n<a href=\"http:\/\/www.escueladerespiracion.com\/Escritos\/David%20Mayo%202010.htm\" target=\"_blank\" rel=\"noopener\">Pincha aqu\u00ed para leer el Testimonio<\/a><\/p>\n<div align=\"center\">\n<hr align=\"center\" size=\"2\" width=\"100%\" \/>\n<\/div>\n<blockquote><p>Despu\u00e9s del seminario de AE estoy asombrada conmigo misma; al principio desconfiaba, luego me asust\u00e9 un poco, pero lo voy asumiendo: tu seminario ha cambiado mi forma de entender la vida; al menos me ha abierto un nuevo camino. Me siento feliz, muy tranquila en el d\u00eda a d\u00eda y con otros ojos para ver el mundo. Mis hijos (7 y 8 a\u00f1os) est\u00e1n alucinados. Cuando llegaron a casa despu\u00e9s del seminario me preguntaron que de qu\u00e9 era el curso al que fui: se me ocurri\u00f3 contestarles que fue un &#8220;curso para aprender a ser mejor mam\u00e1&#8221;. Ahora que han pasado algunos d\u00edas a veces me dicen que adem\u00e1s de ser maravillosa soy m\u00e1gica. Mis amigos han notado que por fin &#8220;vuelvo a sonre\u00edr&#8221; y saben que algo a cambiado aunque no sepan bien qu\u00e9 es.<\/p>\n<p>Por cierto, ya se me han cumplido varias cosas del tapete \u00a1y de qu\u00e9 manera!<\/p>\n<p>Soy consciente de que me queda mucho por aprender, pero s\u00f3lo quer\u00eda darte las gracias por haberme mostrado este nuevo camino. Ya estoy pendiente del programa de Zentro, porque desde que pueda me ver\u00e1s por ah\u00ed de vez en cuando. Una vez m\u00e1s, gracias, gracias, un mill\u00f3n de gracias.<\/p><\/blockquote>\n<p style=\"text-align: right;\"><strong>AUTOESTIMA 2010<\/strong><\/p>\n<div align=\"center\">\n<hr align=\"center\" size=\"2\" width=\"100%\" \/>\n<\/div>\n<blockquote><p>Este Taller ha sido un Regalo Especial para mi Alma, donde la clave fue la entrega y el compartir. Natividad se di\u00f3 desde su Ser profundo, a tope, aut\u00e9ntica hasta las trancas, es un caudal de Vida y Energ\u00eda ejemplo de lo que manifiesta.<\/p>\n<p>Los\/as compa\u00f1eros\/as fuimos una pi\u00f1a, c\u00f3mplices del d\u00eda maravilloso de profundo trabajo personal para cada uno\/a de nosotros\/as. Brillaron el respeto y la aceptaci\u00f3n, nos permitimos ser nosotros\/as mismos\/as y acogernos de igual manera.<\/p>\n<p>Al finalizar el Taller me he llevado mucho, mucho m\u00e1s de lo que esperaba. GRACIAS A MIS COMPA\u00d1EROS\/AS DE AVENTURA EN ESE MAGN\u00cdFICO D\u00cdA!!.&#8221;<\/p><\/blockquote>\n<p style=\"text-align: right;\"><strong>C.G.V.<\/strong><br \/>\n<strong> Feb 2009 &#8211; Ley de la Atracci\u00f3n<\/strong><\/p>\n<div align=\"center\">\n<hr align=\"center\" size=\"2\" width=\"100%\" \/>\n<\/div>\n<blockquote><p>Quer\u00eda agradecerte de nuevo el taller, nos ha venido de perlas. Gracias. Estamos mucho m\u00e1s receptivos el uno con la otra. Respiramos diferente. Anoche meditamos juntos&#8230;..no es genial?<\/p><\/blockquote>\n<p style=\"text-align: right;\"><strong>F.G.<\/strong><br \/>\n<strong> Ley de la Atracci\u00f3n \u2013 Ago 09<\/strong><\/p>\n<div style=\"text-align: right;\" align=\"center\">\n<hr align=\"center\" size=\"2\" width=\"100%\" \/>\n<\/div>\n<blockquote><p>Yo ya he participado en este hermoso trabajo en dos ocasiones (\u00e9sta ser\u00e1 la tercera), y la verdad es que no me canso de \u00e9l. Cada vez que lo he hecho he sentido c\u00f3mo algo cambia en mi interior, a falta de otra palabra mejor te dir\u00e9 que es M\u00c1GICO. Este encuentro es una oportunidad para lanzarte a crear tu vida tal y como quieres que sea, y a hacerlo de maneras amorosas, f\u00e1ciles y divertidas.<\/p><\/blockquote>\n<p style=\"text-align: right;\"><strong>C. C.<\/strong><br \/>\n<strong> Ley de la Atracci\u00f3n \u2013 Mayo 2009<\/strong><\/p>\n<div align=\"center\">\n<hr align=\"center\" size=\"2\" width=\"100%\" \/>\n<\/div>\n<blockquote><p>No paro de darme cuenta lo sanador que ha sido el fin de semana.<\/p>\n<p>Quer\u00eda agradeceros vuestra presencia, vuestro apoyo y feedback. Hab\u00eda muchos detalles y no voy a entrar en ellos. Me di tambi\u00e9n cuenta por qu\u00e9 ha sido tan poderoso. Una cosa es que me lo he permitido y me lo agradezco profundamente. Lo otro es que me he rodeado de las personas m\u00e1s comprometidas en mi vida con la consciencia, la sinceridad y el amor. \u00a1Qu\u00e9 feliz me hace esto! \u00a1Que maestros tan incre\u00edbles me han puesto a mi lado! Merecerme esto es un gran paso. Me merezco lo mejor.<\/p><\/blockquote>\n<p style=\"text-align: right;\"><strong>S.M.<\/strong><br \/>\n<strong> Marzo 2009<\/strong><\/p>\n<div align=\"center\">\n<hr align=\"center\" size=\"2\" width=\"100%\" \/>\n<\/div>\n<blockquote><p>Normalmente los siguientes d\u00edas a un curso casi hasta olvido que estuve y lo que pas\u00f3, ni siquiera leo el material ni hago ning\u00fan ejercicio. Pero desde ayer hab\u00eda algo dentro de m\u00ed que me dec\u00eda que era el momento. Saqu\u00e9 el material de la misma bolsa en la que estaba desde el s\u00e1bado y he le\u00eddo algunos textos y practicado un poco. Exactamente no puedo decir cosas concretas, s\u00f3lo que tengo la sensaci\u00f3n de que todo fue perfecto: el tiempo, la gente, la comida, el contenido, lo que cada uno\/a dijo&#8230;<\/p>\n<p>Lo m\u00e1s revelador del curso para m\u00ed fue darme cuenta de que en verdad merezco no s\u00f3lo tener deseos, sino que \u00e9stos se hagan realidad. Hasta ahora pensaba que la voluntad de Dios y la m\u00eda eran distintas, pero no s\u00f3lo son una, sino que mis deseos, sean cuales sean, son adecuados porque Dios est\u00e1 en mi mente, y \u00e9sa es la \u00fanica mente con la que pienso. Y cuando me olvido, pues me sirvi\u00f3 para recordarme que me hab\u00eda olvidado.<\/p>\n<p>Todo lo que recibo est\u00e1 bien, y todas las personas, me gusten o no, tienen algo valioso que decirme. De eso me di cuenta mientras una de las personas hablaba de algo que, supuestamente, a m\u00ed no me interesaba; luego me llev\u00e9 la sorpresa de que s\u00ed era importante para m\u00ed.<\/p>\n<p>Hace unas semanas estoy empezando a entender lo que significa &#8220;libertad&#8221;, y es un sentimiento que experimento una y otra vez cuando respiro y estoy cerca de ustedes.<\/p>\n<p>Les agradezco profundamente que compartan sus conocimientos y que apoyen la felicidad de los\/as otros\/as.<\/p>\n<p style=\"text-align: right;\"><strong>E.D.<\/strong><br \/>\n<strong> Feb 2009<\/strong><\/p>\n<\/blockquote>\n<div align=\"center\">\n<hr align=\"center\" size=\"2\" width=\"100%\" \/>\n<\/div>\n<blockquote><p>Qu\u00e9 maravilla el taller&#8230; No hay palabras para expresar lo que se est\u00e1 produciendo en mi interior, o tal vez s\u00ed&#8230; me he despertado con una palabra en mi coraz\u00f3n, en mis pensamientos y en mis labios que es &#8220;Santhosa&#8221;, palabra de origen s\u00e1nscrito que suele traducirse como &#8220;alegr\u00eda&#8221; y que representa el &#8220;contentamiento interior&#8221;, un &#8220;estado de reconocimiento&#8221; y de &#8220;dar gracias permanente&#8221; que no depende de factores externos, sino que nace en lo m\u00e1s profundo y aut\u00e9ntico de nuestro ser y, desde ah\u00ed, se expande a nuestro alrededor.<\/p>\n<p>Anoche, mientras regresaba a casa, sucedieron cosas muy m\u00e1gicas\u2026 Mi gratitud hacia la vida y hacia ti, que tanto me has aportado, es inmensa y quer\u00eda transmit\u00edrtelo. \u00a1Qu\u00e9 regalazo! Supongo que a partir de ahora mis respiraciones ser\u00e1n m\u00e1s fluidas porque estoy dispuesta a no querer controlar tanto y s\u00ed a dejar fluir.<\/p>\n<p style=\"text-align: right;\"><strong>C.A.N.<\/strong><br \/>\n<strong> Nov 2008<\/strong><\/p>\n<\/blockquote>\n<div align=\"center\">\n<hr align=\"center\" size=\"2\" width=\"100%\" \/>\n<\/div>\n<blockquote><p>He recibido sesiones individuales, sesiones en grupo y he hecho seminarios y todo es UN PASO A TU IDENTIDAD, UNA CONCIENCIA ELEVADA ES COMPROBAR QUE SE PUEDE SER FELIZ.<\/p>\n<p>REBIRTHING ES AFIRMAR + CRECER + MEDITAR + CONOCER + ELERVAR A ESTE COSMOS RESPETAR = RESPIRAR\u2026RESPIRAR\u2026RESPIRAR\u2026<\/p><\/blockquote>\n<p style=\"text-align: right;\"><strong>2007<\/strong><\/p>\n<div align=\"center\">\n<hr align=\"center\" size=\"2\" width=\"100%\" \/>\n<\/div>\n<blockquote><p>Tu forma de trabajar y de desarrollar el seminario me ha gustado mucho, siendo, claro est\u00e1, que el rebirthing me encanta. As\u00ed que chap\u00f3, y veo que es una herramienta muy poderosa, la m\u00e1s poderosa que he podido conocer yo hasta la fecha sin el uso de sustancias externas al organismo (drogas o plantas de poder).<\/p><\/blockquote>\n<p style=\"text-align: right;\"><strong>Nov 2006<\/strong><\/p>\n<div align=\"center\">\n<hr align=\"center\" size=\"2\" width=\"100%\" \/>\n<\/div>\n<blockquote><p>Natividad, estoy encantada, ha sido m\u00e1gico, las palabras llegaron cada una en el momento oportuno. Muy intenso, pero se me hizo corto. Es incre\u00edble la energ\u00eda que se mueve entre personas como las que lo hemos compartido y la enorme confianza, seguridad, valor y apoyo que te dan.<\/p>\n<p>El renacimiento me ha hecho recordar que vivo porque respiro. Me ha hecho saber que existe una manera de escuchar mi interior de manera suave y amorosa. Me ha proporcionado herramientas sencillas para afrontar cualquier cosa en mi vida diaria, simplemente aprovechando el maravilloso aire que siempre me rodea. \u00a1Algo tan sencillo como respirar!. He aprendido a valorar todo lo que tengo y me ofrece la vida. Nunca hubiese imaginado que la gratitud me har\u00eda tan feliz y tan consciente de todo lo que me rodea.<\/p>\n<p>El renacimiento me ha acercado a un Dios que desconoc\u00eda y que ahora siento cada vez que respiro. Me ha ayudado a sentir a los que quiero de una manera pura, amorosa y cerca de m\u00ed, porque realmente somos uno. Cuando respiro puedo sentir a mi lado a quien amo.<\/p>\n<p>F\u00edsicamente he descubierto que puedo tomar m\u00e1s aire del que nunca hab\u00eda tomado. El aire es un regalo maravilloso del que podemos disponer en todo momento. Ahora respiro y soy feliz.<\/p>\n<p style=\"text-align: right;\"><strong>Un beso, S.<\/strong><\/p>\n<div align=\"center\">\n<hr align=\"center\" size=\"2\" width=\"100%\" \/>\n<\/div>\n<p>A menudo en la vida buscamos soluciones a nuestros problemas, (\u2026). Buscaba algo que me hiciera sentir mejor (\u2026).<\/p>\n<p>En resumen, buscaba algo m\u00e1s, mi coraz\u00f3n lo buscada con ansiedad, y un buen d\u00eda lo encontr\u00e9. Y DIGO LO ENCONTR\u00c9 (\u2026)<\/p>\n<p>Existe una primicia universal que dice \u201clas cosas llegan solas, cuando es nuestro momento, cuando estamos preparados\u201d. Creo que fue as\u00ed, era mi momento, el trabajarme, el respirar, el redescubrirme hacia el infinito, o como dice Natividad Jim\u00e9nez, mi renacedora, una \u201cv\u00eda de desarrollo progresiva hacia adelante\u201d (\u2026)<\/p>\n<p>Con Rebirthing, te desarrollas, DESARROLLAS TODO: liberas el pasado, aprendes de ti, de otras personas, entras en un contacto intimo y particular con tu Yo superior, y sobre todo ves el camino de Dios Aqu\u00ed y Ahora.<\/p><\/blockquote>\n<p style=\"text-align: right;\"><strong>G.G.<\/strong><\/p>\n<div align=\"center\">\n<hr align=\"center\" size=\"2\" width=\"100%\" \/>\n<\/div>\n<blockquote><p>Muchas gracias por el maravilloso seminario que ofreciste, gracias por ser tan buena profesional, gracias por ense\u00f1arnos con tus experiencias que cualquier ser humano puede conseguir sus sue\u00f1os m\u00e1s anhelados, gracias por proponer tener un mundo m\u00e1s bello, gracias por compartir tus emociones con nosotros y gracias por tu excelente trabajo humano y divino.<\/p>\n<p>Gracias adem\u00e1s por la sanaci\u00f3n que creaste de nuestros cuerpos, mentes y esp\u00edritus.Gracias por ser una fan del esp\u00edritu santo. Gracias por tener esa capacidad de empat\u00eda con los que te abren el coraz\u00f3n. Gracias por ser tan sincera y gracias por mostrarnos tu ni\u00f1a interior tan cuidada y tan bien tratada con tantas ganas de compartir y de disfrutar.<\/p>\n<p>Gracias por tu risa sonora, por tu baile y por la expresi\u00f3n de deseo de ser feliz de tus ojos vulnerables.<\/p>\n<p>En una palabra, gracias. Te lo mereces y recuerda que no s\u00f3lo eres un milagro, sino que adem\u00e1s haces que los dem\u00e1s descubran los \u201cmilagros\u201d que son.<\/p><\/blockquote>\n<p style=\"text-align: right;\"><strong>D.R.<\/strong><\/p>\n<div align=\"center\">\n<hr align=\"center\" size=\"2\" width=\"100%\" \/>\n<\/div>\n<blockquote><p>Un encuentro contigo es siempre tan enriquecedor. Gracias.<\/p>\n<p>No sabes cuanto me ha movido (positiva y placenteramente), la cuesti\u00f3n del tiempo.<\/p>\n<p>Dios m\u00edo!, \u00a1qu\u00e9 descubrimiento!. De repente ha sido encontrar la pieza del puzzle que faltaba. Nada ten\u00eda que ver con la cantidad de actividades que realizara, sino con mi propia sensaci\u00f3n de escasez del tiempo. Crec\u00ed escuchando que hab\u00eda que aprovechar el tiempo, no hay que perder el tiempo, como si fuera un bien precioso que se agotaba. Que pobreza de tiempo he tenido.<\/p>\n<p>Gracias una vez m\u00e1s, me siento tan contenta con este descubrimiento, siento tan profundo que va a haber un cambio importante.<\/p>\n<p style=\"text-align: right;\"><strong>T.R<\/strong><\/p>\n<\/blockquote>\n<div align=\"center\">\n<hr align=\"center\" size=\"2\" width=\"100%\" \/>\n<\/div>\n<blockquote><p>Te escribo esta nota con mucho amor, para darte las gracias por tu seminario. Lleg\u00f3 en un momento que necesitaba aclarar muchas cosas.<br \/>\nMe has dado mucho material para trabajar durante buen tiempo. De nuevo te doy las gracias y te deseo lo mejor.<\/p><\/blockquote>\n<p style=\"text-align: right;\"><strong>Con mucho amor.<\/strong><br \/>\n<strong> M.C<\/strong><\/p>\n<div align=\"center\">\n<hr align=\"center\" size=\"2\" width=\"100%\" \/>\n<\/div>\n<blockquote><p>Para mi ha sido el mayor descubrimiento que he tenido en mi vida. Es como que en verdad he encontrado a Dios.<\/p><\/blockquote>\n<p style=\"text-align: right;\"><strong>C.M.<\/strong><br \/>\n<strong> 1999<\/strong><\/p>\n<div align=\"center\">\n<hr align=\"center\" size=\"2\" width=\"100%\" \/>\n<\/div>\n<blockquote><p>Durante los d\u00edas 23 y 24 de Octubre tuve el gran honor de participar como asistente en el seminario que sobre \u201cRespiraci\u00f3n y Sexualidad\u201d condujo en Tenerife, Natividad Jim\u00e9nez Saavedra.<\/p>\n<p>Aparte de lo hermoso que fue respirar de nuevo el aire primaveral en pleno oto\u00f1o, quiero desde aqu\u00ed reconocer a Natividad por su entrega y su firme y profundo compromiso con el Rebirthing como camino de transformaci\u00f3n personal. Es una maestra que ense\u00f1a lo que quiere aprender desde la vivencia, as\u00ed que todos los que estuvimos en el seminario, tuvimos una experiencia intensa y transformadora, y desde aqu\u00ed quiero agradecerlo a Natividad, a todos los participantes y asistentes y al Maestro que siempre me lleva all\u00ed donde yo tengo que estar, aunque todav\u00eda me resista. En paz e inocencia,<\/p><\/blockquote>\n<p style=\"text-align: right;\"><strong>I.A.<\/strong><br \/>\n<strong> 1999<\/strong><\/p>\n<p>[\/vc_column_text][\/vc_column][\/vc_row][vc_row][vc_column]  \r\n                    <div class=\" \" >\r\n                <div id=\"yolo-testimonial\" class=\"yolo-testimonial testimonial-carousel-2\">\r\n    <div id=\"testimonial-list-69f0d1f43db93\" class=\"testimonials testimonial-list owl-carousel\"\r\n        data-owl=\"2\"\r\n        data-autoplay=\"true\"\r\n        data-duration=\"2000\"\r\n        data-loop=\"true\"\r\n        data-rtl=\"\"\r\n        data-nav=\"true\"\r\n        data-pagination=\"true\"\r\n    >\r\n                <ul class=\"testimonial-content\" >\r\n            <li class=\"testimonial-item\">\r\n                <div class=\"testimonial-thumbnail\">\r\n                                                <img width=\"855\" height=\"1050\" src=\"https:\/\/www.escueladerespiracion.com\/wp-content\/uploads\/Jose-Garcia-Chinea.jpg\" class=\"attachment-full size-full wp-post-image\" alt=\"\" loading=\"lazy\" srcset=\"https:\/\/www.escueladerespiracion.com\/wp-content\/uploads\/Jose-Garcia-Chinea.jpg 855w, https:\/\/www.escueladerespiracion.com\/wp-content\/uploads\/Jose-Garcia-Chinea-244x300.jpg 244w, https:\/\/www.escueladerespiracion.com\/wp-content\/uploads\/Jose-Garcia-Chinea-768x943.jpg 768w, https:\/\/www.escueladerespiracion.com\/wp-content\/uploads\/Jose-Garcia-Chinea-834x1024.jpg 834w, https:\/\/www.escueladerespiracion.com\/wp-content\/uploads\/Jose-Garcia-Chinea-625x768.jpg 625w\" sizes=\"(max-width: 855px) 100vw, 855px\" \/>                                    <\/div>\r\n                                    <h3 class=\"testimonial-title\">Jos\u00e9 D. Garc\u00eda Chinea<\/h3>\r\n                                <h4 class=\"testimonial-position\">Aut\u00f3nomo<\/h4>\r\n                <div class=\"testimonial-desc\"><p>Mi experiencia personal ha sido francamente satisfactoria y estoy muy agradecido de que este m\u00e9todo se haya cruzado en mi camino.- Julio 2018<\/p>\n<\/div>\r\n            <\/li>\r\n        <\/ul>\r\n                <ul class=\"testimonial-content\" >\r\n            <li class=\"testimonial-item\">\r\n                <div class=\"testimonial-thumbnail\">\r\n                                                <img width=\"1200\" height=\"1600\" src=\"https:\/\/www.escueladerespiracion.com\/wp-content\/uploads\/2018\/08\/Lucia-Garcia-Morales.jpg\" class=\"attachment-full size-full wp-post-image\" alt=\"\" loading=\"lazy\" srcset=\"https:\/\/www.escueladerespiracion.com\/wp-content\/uploads\/2018\/08\/Lucia-Garcia-Morales.jpg 1200w, https:\/\/www.escueladerespiracion.com\/wp-content\/uploads\/2018\/08\/Lucia-Garcia-Morales-225x300.jpg 225w, https:\/\/www.escueladerespiracion.com\/wp-content\/uploads\/2018\/08\/Lucia-Garcia-Morales-768x1024.jpg 768w, https:\/\/www.escueladerespiracion.com\/wp-content\/uploads\/2018\/08\/Lucia-Garcia-Morales-576x768.jpg 576w\" sizes=\"(max-width: 1200px) 100vw, 1200px\" \/>                                    <\/div>\r\n                                    <h3 class=\"testimonial-title\">Luc\u00eda Garc\u00eda Morales<\/h3>\r\n                                <h4 class=\"testimonial-position\">Maestra jubilada<\/h4>\r\n                <div class=\"testimonial-desc\"><p>Este programa de 9 meses me ha permitido interiorizar aspectos ya trabajados, verlos en m\u00e1s profundidad y valorarlos desde otra perspectiva. Ha sido un trabajo muy interesante y distendido. Me siento muy agradecida. Si quieres seguir avanzando en tu b\u00fasqueda de qui\u00e9n eres realmente y c\u00f3mo es tu relaci\u00f3n contigo y con los dem\u00e1s, te lo recomiendo.<\/p>\n<\/div>\r\n            <\/li>\r\n        <\/ul>\r\n                <ul class=\"testimonial-content\" >\r\n            <li class=\"testimonial-item\">\r\n                <div class=\"testimonial-thumbnail\">\r\n                                                <img width=\"640\" height=\"640\" src=\"https:\/\/www.escueladerespiracion.com\/wp-content\/uploads\/2018\/08\/Jose-Alberto-Gonzalez-Fajardo.jpg\" class=\"attachment-full size-full wp-post-image\" alt=\"\" loading=\"lazy\" srcset=\"https:\/\/www.escueladerespiracion.com\/wp-content\/uploads\/2018\/08\/Jose-Alberto-Gonzalez-Fajardo.jpg 640w, https:\/\/www.escueladerespiracion.com\/wp-content\/uploads\/2018\/08\/Jose-Alberto-Gonzalez-Fajardo-150x150.jpg 150w, https:\/\/www.escueladerespiracion.com\/wp-content\/uploads\/2018\/08\/Jose-Alberto-Gonzalez-Fajardo-300x300.jpg 300w\" sizes=\"(max-width: 640px) 100vw, 640px\" \/>                                    <\/div>\r\n                                    <h3 class=\"testimonial-title\">Jos\u00e9 Alberto Gonz\u00e1lez Fajardo<\/h3>\r\n                                <h4 class=\"testimonial-position\">M\u00e9dico<\/h4>\r\n                <div class=\"testimonial-desc\"><p>Las dos horas de cada sesi\u00f3n representan un parar en mi din\u00e1mica diaria, un tomar consciencia de las cuestiones importantes para mi camino, un chequeo del momento presente, un liberar de cargas y tensiones, un recargar energ\u00e9tico, un compartir con personas comprometidas, un rato de distensi\u00f3n\u2026 El precio es inmejorable y el espacio confortable. Se adquieren herramientas sencillas y muy pr\u00e1cticas, basadas en la respiraci\u00f3n y el pensamiento creativo. El \u00faltimo tema que hemos abordado ha sido \u201cLiderazgo Personal\u201d, magistralmente conducido por Natividad Jim\u00e9nez.<\/p>\n<\/div>\r\n            <\/li>\r\n        <\/ul>\r\n                <ul class=\"testimonial-content\" >\r\n            <li class=\"testimonial-item\">\r\n                <div class=\"testimonial-thumbnail\">\r\n                                                <img width=\"439\" height=\"531\" src=\"https:\/\/www.escueladerespiracion.com\/wp-content\/uploads\/2018\/08\/Carlos-Rodriguez-Marrero.jpg\" class=\"attachment-full size-full wp-post-image\" alt=\"\" loading=\"lazy\" srcset=\"https:\/\/www.escueladerespiracion.com\/wp-content\/uploads\/2018\/08\/Carlos-Rodriguez-Marrero.jpg 439w, https:\/\/www.escueladerespiracion.com\/wp-content\/uploads\/2018\/08\/Carlos-Rodriguez-Marrero-248x300.jpg 248w\" sizes=\"(max-width: 439px) 100vw, 439px\" \/>                                    <\/div>\r\n                                    <h3 class=\"testimonial-title\">Carlos Rodr\u00edguez Marrero<\/h3>\r\n                                <h4 class=\"testimonial-position\">Administrativo<\/h4>\r\n                <div class=\"testimonial-desc\"><p>Todo un descubrimiento sobre el poder de la respiraci\u00f3n. Tomar consciencia de los diferentes estados emocionales a trav\u00e9s de la respiraci\u00f3n es algo que, sinceramente, me ha supuesto un gran descubrimiento.\u00a0Gracias Natividad.<\/p>\n<\/div>\r\n            <\/li>\r\n        <\/ul>\r\n                <ul class=\"testimonial-content\" >\r\n            <li class=\"testimonial-item\">\r\n                <div class=\"testimonial-thumbnail\">\r\n                                                <img width=\"360\" height=\"333\" src=\"https:\/\/www.escueladerespiracion.com\/wp-content\/uploads\/Carmen-Aragon-Montelongo-e1532333558272.jpg\" class=\"attachment-full size-full wp-post-image\" alt=\"\" loading=\"lazy\" srcset=\"https:\/\/www.escueladerespiracion.com\/wp-content\/uploads\/Carmen-Aragon-Montelongo-e1532333558272.jpg 360w, https:\/\/www.escueladerespiracion.com\/wp-content\/uploads\/Carmen-Aragon-Montelongo-e1532333558272-300x278.jpg 300w\" sizes=\"(max-width: 360px) 100vw, 360px\" \/>                                    <\/div>\r\n                                    <h3 class=\"testimonial-title\">Carmen Arag\u00f3n Montelongo<\/h3>\r\n                                <h4 class=\"testimonial-position\">Administrativa<\/h4>\r\n                <div class=\"testimonial-desc\"><p>Para m\u00ed la respiraci\u00f3n ha significado un antes y un despu\u00e9s. Tomar consciencia que no soy mis pensamientos, inspirar confianza y exhalar miedos y dudas es liberador. Trabajar poco a poco en cada una de las \u00e1reas del desarrollo personal, me hace ir m\u00e1s ligera de equipaje\u2026<\/p>\n<\/div>\r\n            <\/li>\r\n        <\/ul>\r\n                <ul class=\"testimonial-content\" >\r\n            <li class=\"testimonial-item\">\r\n                <div class=\"testimonial-thumbnail\">\r\n                                                <img width=\"209\" height=\"240\" src=\"https:\/\/www.escueladerespiracion.com\/wp-content\/uploads\/Maria-Gil-Goya.jpg\" class=\"attachment-full size-full wp-post-image\" alt=\"\" loading=\"lazy\" \/>                                    <\/div>\r\n                                    <h3 class=\"testimonial-title\">Mar\u00eda Gil Goya<\/h3>\r\n                                <h4 class=\"testimonial-position\">Ama de casa<\/h4>\r\n                <div class=\"testimonial-desc\"><p>A m\u00ed la respiraci\u00f3n me ha ayudado much\u00edsimo. Ten\u00eda diagnosticada asma severa y desde que aprend\u00ed el m\u00e9todo, all\u00e1 por el a\u00f1o 2012, no he vuelto a ir m\u00e1s a urgencias\u2026 Agosto 2018<\/p>\n<\/div>\r\n            <\/li>\r\n        <\/ul>\r\n                <ul class=\"testimonial-content\" >\r\n            <li class=\"testimonial-item\">\r\n                <div class=\"testimonial-thumbnail\">\r\n                                                <img width=\"767\" height=\"1024\" src=\"https:\/\/www.escueladerespiracion.com\/wp-content\/uploads\/2018\/08\/Conchi-Garcia-Molina.jpg\" class=\"attachment-full size-full wp-post-image\" alt=\"\" loading=\"lazy\" srcset=\"https:\/\/www.escueladerespiracion.com\/wp-content\/uploads\/2018\/08\/Conchi-Garcia-Molina.jpg 767w, https:\/\/www.escueladerespiracion.com\/wp-content\/uploads\/2018\/08\/Conchi-Garcia-Molina-225x300.jpg 225w, https:\/\/www.escueladerespiracion.com\/wp-content\/uploads\/2018\/08\/Conchi-Garcia-Molina-575x768.jpg 575w\" sizes=\"(max-width: 767px) 100vw, 767px\" \/>                                    <\/div>\r\n                                    <h3 class=\"testimonial-title\">Conchi Molina Hern\u00e1ndez<\/h3>\r\n                                <h4 class=\"testimonial-position\">Educadora<\/h4>\r\n                <div class=\"testimonial-desc\"><p>Para m\u00ed el Rebirthing ha supuesto una transformaci\u00f3n profunda, un despertar a la Consciencia, mi gran revoluci\u00f3n personal\u2026 me ha aportado energ\u00eda, prop\u00f3sito, satisfacci\u00f3n y fuerza interior en momentos de dificultad.- Julio 2018<\/p>\n<\/div>\r\n            <\/li>\r\n        <\/ul>\r\n                <ul class=\"testimonial-content\" >\r\n            <li class=\"testimonial-item\">\r\n                <div class=\"testimonial-thumbnail\">\r\n                                                <img width=\"320\" height=\"441\" src=\"https:\/\/www.escueladerespiracion.com\/wp-content\/uploads\/Irmaines-Romero-Bermudez-e1532332941474.jpg\" class=\"attachment-full size-full wp-post-image\" alt=\"\" loading=\"lazy\" srcset=\"https:\/\/www.escueladerespiracion.com\/wp-content\/uploads\/Irmaines-Romero-Bermudez-e1532332941474.jpg 320w, https:\/\/www.escueladerespiracion.com\/wp-content\/uploads\/Irmaines-Romero-Bermudez-e1532332941474-218x300.jpg 218w\" sizes=\"(max-width: 320px) 100vw, 320px\" \/>                                    <\/div>\r\n                                    <h3 class=\"testimonial-title\">Irmain\u00e9s Romero Berm\u00fadez<\/h3>\r\n                                <h4 class=\"testimonial-position\">Odont\u00f3loga<\/h4>\r\n                <div class=\"testimonial-desc\"><p>Ha sido una gran ayuda para superar mi separaci\u00f3n de manera suave, sin dolor, sin victimismo, aumentando mi nivel de consciencia,\u2026 en especial a trav\u00e9s de la respiraci\u00f3n.<\/p>\n<\/div>\r\n            <\/li>\r\n        <\/ul>\r\n            <\/div>\r\n<\/div>\r\n            <\/div>  \r\n                [\/vc_column][\/vc_row]<\/p>\n","protected":false},"excerpt":{"rendered":"<p>[vc_row][vc_column][vc_column_text] Quiero expresar mi gratitud a todas estas personas (y a muchas otras cuyos testimonios no est\u00e1n aqu\u00ed) por sus palabras de apoyo, por su confianza, por todo lo que con ellas he aprendido a lo largo de estos a\u00f1os. El trabajo que hago es fruto de mi propia experiencia personal con el Rebirthing, Renacimiento&#8230;<\/p>\n","protected":false},"author":2,"featured_media":0,"comment_status":"closed","ping_status":"open","sticky":false,"template":"","format":"standard","meta":[],"categories":[7],"tags":[],"acf":[],"_links":{"self":[{"href":"https:\/\/www.escueladerespiracion.com\/index.php\/wp-json\/wp\/v2\/posts\/636"}],"collection":[{"href":"https:\/\/www.escueladerespiracion.com\/index.php\/wp-json\/wp\/v2\/posts"}],"about":[{"href":"https:\/\/www.escueladerespiracion.com\/index.php\/wp-json\/wp\/v2\/types\/post"}],"author":[{"embeddable":true,"href":"https:\/\/www.escueladerespiracion.com\/index.php\/wp-json\/wp\/v2\/users\/2"}],"replies":[{"embeddable":true,"href":"https:\/\/www.escueladerespiracion.com\/index.php\/wp-json\/wp\/v2\/comments?post=636"}],"version-history":[{"count":17,"href":"https:\/\/www.escueladerespiracion.com\/index.php\/wp-json\/wp\/v2\/posts\/636\/revisions"}],"predecessor-version":[{"id":6302,"href":"https:\/\/www.escueladerespiracion.com\/index.php\/wp-json\/wp\/v2\/posts\/636\/revisions\/6302"}],"wp:attachment":[{"href":"https:\/\/www.escueladerespiracion.com\/index.php\/wp-json\/wp\/v2\/media?parent=636"}],"wp:term":[{"taxonomy":"category","embeddable":true,"href":"https:\/\/www.escueladerespiracion.com\/index.php\/wp-json\/wp\/v2\/categories?post=636"},{"taxonomy":"post_tag","embeddable":true,"href":"https:\/\/www.escueladerespiracion.com\/index.php\/wp-json\/wp\/v2\/tags?post=636"}],"curies":[{"name":"wp","href":"https:\/\/api.w.org\/{rel}","templated":true}]}}