{"id":550,"date":"2013-04-22T21:40:40","date_gmt":"2013-04-22T21:40:40","guid":{"rendered":"http:\/\/www.escueladerespiracion.com\/?p=550"},"modified":"2018-07-23T14:12:20","modified_gmt":"2018-07-23T13:12:20","slug":"articulo-en-la-provincia","status":"publish","type":"post","link":"https:\/\/www.escueladerespiracion.com\/index.php\/articulo-en-la-provincia\/","title":{"rendered":"Art\u00edculo en &#8220;La PROVINCIA&#8221;"},"content":{"rendered":"<p><a href=\"http:\/\/www.escueladerespiracion.com\/wp-content\/uploads\/laprovincia220413.jpg\" target=\"_blank\"><img loading=\"lazy\" class=\" wp-image-555 alignleft\" alt=\"laprovincia220413\" src=\"http:\/\/www.escueladerespiracion.com\/wp-content\/uploads\/laprovincia220413-243x300.jpg\" width=\"146\" height=\"180\" \/><\/a>&#8220;<strong>Respirar es lo que m\u00e1s te conecta con la fuerza viva que todos llevamos dentro<\/strong>&#8221;<br \/>\nArt\u00edculo publicado en la contraportada de La PROVINCIA:<br \/>\n&#8220;<span class=\"azul_normal\">Respira es un libro muy sencillo, pr\u00e1ctico y escrito con el Coraz\u00f3n<\/span>&#8220;. As\u00ed define su autora. Natividad Jim\u00e9nez, esta gu\u00eda de ejercicios que explica la importancia de la respiraci\u00f3n en todas sus dimensiones f\u00edsica, emocional y\u00a0 espiritual, cuyas p\u00e1ginas ven la luz con la editorial canaria Ob Stare&#8230;<\/p>\n<p>Si quieres saber m\u00e1s sobre el libro &#8220;<strong class=\"azul_normal\">Respira<\/strong>&#8221; de Natividad Jim\u00e9nez. haz <a href=\"http:\/\/natividadjimenezsaavedra.blogspot.com.es\/p\/libro-respira.html\" target=\"_blank\">click aqu\u00ed<\/a><\/p>\n","protected":false},"excerpt":{"rendered":"<p>&#8220;Respirar es lo que m\u00e1s te conecta con la fuerza viva que todos llevamos dentro&#8221; Art\u00edculo publicado en la contraportada de La PROVINCIA: &#8220;Respira es un libro muy sencillo, pr\u00e1ctico y escrito con el Coraz\u00f3n&#8220;. As\u00ed define su autora. Natividad Jim\u00e9nez, esta gu\u00eda de ejercicios que explica la importancia de la respiraci\u00f3n en todas sus&#8230;<\/p>\n","protected":false},"author":2,"featured_media":0,"comment_status":"open","ping_status":"open","sticky":false,"template":"","format":"standard","meta":[],"categories":[7],"tags":[],"acf":[],"_links":{"self":[{"href":"https:\/\/www.escueladerespiracion.com\/index.php\/wp-json\/wp\/v2\/posts\/550"}],"collection":[{"href":"https:\/\/www.escueladerespiracion.com\/index.php\/wp-json\/wp\/v2\/posts"}],"about":[{"href":"https:\/\/www.escueladerespiracion.com\/index.php\/wp-json\/wp\/v2\/types\/post"}],"author":[{"embeddable":true,"href":"https:\/\/www.escueladerespiracion.com\/index.php\/wp-json\/wp\/v2\/users\/2"}],"replies":[{"embeddable":true,"href":"https:\/\/www.escueladerespiracion.com\/index.php\/wp-json\/wp\/v2\/comments?post=550"}],"version-history":[{"count":9,"href":"https:\/\/www.escueladerespiracion.com\/index.php\/wp-json\/wp\/v2\/posts\/550\/revisions"}],"predecessor-version":[{"id":6296,"href":"https:\/\/www.escueladerespiracion.com\/index.php\/wp-json\/wp\/v2\/posts\/550\/revisions\/6296"}],"wp:attachment":[{"href":"https:\/\/www.escueladerespiracion.com\/index.php\/wp-json\/wp\/v2\/media?parent=550"}],"wp:term":[{"taxonomy":"category","embeddable":true,"href":"https:\/\/www.escueladerespiracion.com\/index.php\/wp-json\/wp\/v2\/categories?post=550"},{"taxonomy":"post_tag","embeddable":true,"href":"https:\/\/www.escueladerespiracion.com\/index.php\/wp-json\/wp\/v2\/tags?post=550"}],"curies":[{"name":"wp","href":"https:\/\/api.w.org\/{rel}","templated":true}]}}