{"id":306,"date":"2013-08-09T00:24:52","date_gmt":"2013-08-09T00:24:52","guid":{"rendered":"http:\/\/www.escueladerespiracion.com\/?p=306"},"modified":"2021-09-02T12:08:09","modified_gmt":"2021-09-02T11:08:09","slug":"acti-pruebas","status":"publish","type":"post","link":"https:\/\/www.escueladerespiracion.com\/index.php\/acti-pruebas\/","title":{"rendered":"Sesiones individuales"},"content":{"rendered":"<p style=\"text-align: center;\"><strong class=\"azul_normal\">\u00bfQu\u00e9 es una sesi\u00f3n individual? &#8211; <span style=\"color: #ff6600;\">Ahora tambi\u00e9n OnLine<\/span><br \/>\n<\/strong><\/p>\n<p><a href=\"http:\/\/www.escueladerespiracion.com\/wp-content\/uploads\/DSC1180-56.jpg\"><img loading=\"lazy\" class=\" wp-image-1414 alignleft\" src=\"http:\/\/www.escueladerespiracion.com\/wp-content\/uploads\/DSC1180-56.jpg\" alt=\"_DSC1180-56\" width=\"276\" height=\"184\" srcset=\"https:\/\/www.escueladerespiracion.com\/wp-content\/uploads\/DSC1180-56.jpg 394w, https:\/\/www.escueladerespiracion.com\/wp-content\/uploads\/DSC1180-56-300x200.jpg 300w\" sizes=\"(max-width: 276px) 100vw, 276px\" \/><\/a>Es una clase concertada entre la persona (a quien llamamos <strong>cliente<\/strong> o <strong>alumno<\/strong>) y el profesional de la respiraci\u00f3n consciente o <strong>renacedor<\/strong>, con una duraci\u00f3n aproximada de <strong>unas dos horas<\/strong>.<\/p>\n<p>&nbsp;<\/p>\n<p style=\"text-align: left;\">Generalmente, <strong>una sesi\u00f3n se divide en tres fases<\/strong>:<\/p>\n<p><strong>1. <\/strong> En la primera, hay un di\u00e1logo entre el profesional y el alumno donde el alumno explica qu\u00e9 le ha llevado a pedir una consulta para respirar. El renacedor expone las dos herramientas con que trabajamos (respiraci\u00f3n consciente y conectada y t\u00e9cnicas de reprogramaci\u00f3n mental) y c\u00f3mo va a ser la forma de respirar, lo que puede sentir,etc. Se resuelve cualquier tipo de duda.<\/p>\n<p><strong>2. <\/strong> La segunda fase, de aproximadamente una hora, es la pr\u00e1ctica de la respiraci\u00f3n.<\/p>\n<p><strong>3.<\/strong> En la tercera hay es otro espacio para el di\u00e1logo y el compartir de la experiencia, que tiene por objeto la integraci\u00f3n y completitud de la sesi\u00f3n y el establecimiento de los ejercicios sugeridos hasta la pr\u00f3xima sesi\u00f3n.<br \/>\nUsualmente entre las fases UNO y DOS se descubren patrones limitantes de pensamiento y en la fase TRES se establecen estrategias en las que el renacedor orientar\u00e1 y ayudar\u00e1 a solucionar problemas ofreciendo diversas herramientas para su soluci\u00f3n.<\/p>\n<p style=\"text-align: center;\"><strong class=\"azul_normal\">\u00bfPara qu\u00e9 sirve el Renacimiento?<\/strong><\/p>\n<p>\u2022 Para aumentar el bienestar f\u00edsico, mental y emocional.<br \/>\n\u2022 Para tomar consciencia de nuestros pensamientos y modificar, a nuestra voluntad, aquellas estructuras mentales que nos han limitado e impedido realizarnos, muchas veces durante a\u00f1os.<br \/>\n\u2022 Para aprender a manejar nuestras emociones (ansiedad, estr\u00e9s, tristeza, dolor, miedos, etc.)<br \/>\n\u2022 Para mejorar la relaci\u00f3n con uno mismo y, por ende, con los dem\u00e1s.<br \/>\n\u2022 Para enfrentar momentos de cambio: relaciones, trabajo, embarazos, lugar de residencia,\u2026<br \/>\n\u2022 Para meditar y aquietar nuestra mente.<br \/>\n\u2022 Para relajarnos y estar en paz.<\/p>\n<p style=\"text-align: center;\"><strong class=\"azul_normal\">\u00bfC\u00f3mo son las sesiones de respiraci\u00f3n de Rebirthing o Renacimiento?<\/strong><\/p>\n<p>Se comienza a respirar tumbado sobre una colchoneta en el suelo, en posici\u00f3n horizontal y boca arriba.<br \/>\nA medida que la persona comienza a sentirse c\u00f3moda con su respiraci\u00f3n y que los procesos f\u00edsicos, que tienen lugar algunas veces, son m\u00e1s suaves (esto suele suceder a partir de la quinta sesi\u00f3n), puede entonces experimentar con diferentes formas, ya sea sentado, de pie o en agua.<br \/>\nCuando se respira en agua, la mayor\u00eda de las veces se hace en una ba\u00f1era con agua caliente y\/o fr\u00eda y con diferentes temperaturas. Este tipo de sesiones requieren de una mayor preparaci\u00f3n por parte del alumno y en la actualidad no se recomiendan para empezar con la pr\u00e1ctica.<br \/>\nCualquiera que sea el tipo de sesi\u00f3n que el alumno\/a est\u00e9 tomando, la funci\u00f3n del renacedor\/a ser\u00e1 la de permanecer al lado de la persona, acompa\u00f1\u00e1ndole en su proceso, sugiri\u00e9ndole, cuando as\u00ed sea necesario, ciertas pautas respiratorias y ofreci\u00e9ndole, en todo momento, un espacio de apoyo y seguridad.<\/p>\n<p style=\"text-align: center;\"><strong class=\"azul_normal\">\u00bfCu\u00e1ntas sesiones se recomiendan?<\/strong><\/p>\n<p>Trabajamos usualmente con ciclos de <strong>diez sesiones<\/strong>.<br \/>\nCuando un alumno quiere aprender la pr\u00e1ctica, se le sugiere que tome un ciclo de DIEZ sesiones de forma regular, normalmente semanal o quincenalmente.<br \/>\nGeneralmente, al terminar el ciclo, el alumno ya se sentir\u00e1 seguro para tomarse sus propias sesiones en casa.<\/p>\n<hr \/>\n<p style=\"text-align: center;\">INFORMACI\u00d3N E INSCRIPCI\u00d3N<\/p>\n<p><strong class=\"azul_normal\"><img loading=\"lazy\" class=\" wp-image-272 alignleft\" src=\"http:\/\/www.escueladerespiracion.com\/wp-content\/uploads\/LOGO_Escuela-300x145.jpg\" alt=\"LOGO_Escuela\" width=\"210\" height=\"102\" srcset=\"https:\/\/www.escueladerespiracion.com\/wp-content\/uploads\/LOGO_Escuela-300x145.jpg 300w, https:\/\/www.escueladerespiracion.com\/wp-content\/uploads\/LOGO_Escuela.jpg 709w\" sizes=\"(max-width: 210px) 100vw, 210px\" \/> Escuela Canaria de Respiraci\u00f3n<br \/>\n<\/strong><strong>Directora<\/strong>: Natividad Jim\u00e9nez<br \/>\n<strong>Tel\u00e9fono de contacto<\/strong>: 636 105 770<br \/>\n<strong>e-mail<\/strong>: <a href=\"mailto:escueladerespiracion@gmail.com\">escueladerespiracion@gmail.com<\/a><\/p>\n","protected":false},"excerpt":{"rendered":"<p>\u00bfQu\u00e9 es una sesi\u00f3n individual? &#8211; Ahora tambi\u00e9n OnLine Es una clase concertada entre la persona (a quien llamamos cliente o alumno) y el profesional de la respiraci\u00f3n consciente o renacedor, con una duraci\u00f3n aproximada de unas dos horas. &nbsp; Generalmente, una sesi\u00f3n se divide en tres fases: 1. En la primera, hay un di\u00e1logo&#8230;<\/p>\n","protected":false},"author":2,"featured_media":0,"comment_status":"closed","ping_status":"open","sticky":true,"template":"","format":"standard","meta":[],"categories":[11],"tags":[],"acf":[],"_links":{"self":[{"href":"https:\/\/www.escueladerespiracion.com\/index.php\/wp-json\/wp\/v2\/posts\/306"}],"collection":[{"href":"https:\/\/www.escueladerespiracion.com\/index.php\/wp-json\/wp\/v2\/posts"}],"about":[{"href":"https:\/\/www.escueladerespiracion.com\/index.php\/wp-json\/wp\/v2\/types\/post"}],"author":[{"embeddable":true,"href":"https:\/\/www.escueladerespiracion.com\/index.php\/wp-json\/wp\/v2\/users\/2"}],"replies":[{"embeddable":true,"href":"https:\/\/www.escueladerespiracion.com\/index.php\/wp-json\/wp\/v2\/comments?post=306"}],"version-history":[{"count":29,"href":"https:\/\/www.escueladerespiracion.com\/index.php\/wp-json\/wp\/v2\/posts\/306\/revisions"}],"predecessor-version":[{"id":7094,"href":"https:\/\/www.escueladerespiracion.com\/index.php\/wp-json\/wp\/v2\/posts\/306\/revisions\/7094"}],"wp:attachment":[{"href":"https:\/\/www.escueladerespiracion.com\/index.php\/wp-json\/wp\/v2\/media?parent=306"}],"wp:term":[{"taxonomy":"category","embeddable":true,"href":"https:\/\/www.escueladerespiracion.com\/index.php\/wp-json\/wp\/v2\/categories?post=306"},{"taxonomy":"post_tag","embeddable":true,"href":"https:\/\/www.escueladerespiracion.com\/index.php\/wp-json\/wp\/v2\/tags?post=306"}],"curies":[{"name":"wp","href":"https:\/\/api.w.org\/{rel}","templated":true}]}}