{"id":181,"date":"2013-08-08T15:49:27","date_gmt":"2013-08-08T15:49:27","guid":{"rendered":"http:\/\/www.escueladerespiracion.com\/?p=181"},"modified":"2018-07-23T14:12:20","modified_gmt":"2018-07-23T13:12:20","slug":"acerca-de-agustin-hernandez-evora","status":"publish","type":"post","link":"https:\/\/www.escueladerespiracion.com\/index.php\/acerca-de-agustin-hernandez-evora\/","title":{"rendered":"Acerca de: Agust\u00edn Hern\u00e1ndez \u00c9vora"},"content":{"rendered":"<p><img loading=\"lazy\" class=\"size-medium wp-image-104 alignleft\" alt=\"Quien_Tino\" src=\"http:\/\/www.escueladerespiracion.com\/wp-content\/uploads\/Tino-300x230.jpg\" width=\"300\" height=\"230\" srcset=\"https:\/\/www.escueladerespiracion.com\/wp-content\/uploads\/Tino-300x230.jpg 300w, https:\/\/www.escueladerespiracion.com\/wp-content\/uploads\/Tino.jpg 551w\" sizes=\"(max-width: 300px) 100vw, 300px\" \/><strong class=\"azul_normal\">Agust\u00edn Hern\u00e1ndez \u00c9vora<\/strong> naci\u00f3 y vivi\u00f3 en Caracas, Venezuela, hasta 1968 cuando sus padres, emigrantes canarios, decidieron regresar a Tenerife donde ha vivido desde entonces.<\/p>\n<p style=\"text-align: justify;\"><strong>Licenciado en Filolog\u00eda Inglesa<\/strong> por la Universidad de La Laguna (Tenerife), ha trabajado en la ense\u00f1anza p\u00fablica desde 1984. Desde entonces ha continuado ampliando su formaci\u00f3n en diferentes aspectos de la metodolog\u00eda de la ense\u00f1anza de lenguas extranjeras y ha participado en varios programas internacionales de intercambio escolar dentro de diferentes programas de la Uni\u00f3n Europea. Debido a su inquietud por mejorar el clima de convivencia en el aula y apoyar a sus alumnos en su desarrollo global como individuos, ha hecho <span class=\"azul_normal\">cursos de mediaci\u00f3n y resoluci\u00f3n de conflictos, competencia social y habilidades sociales<\/span>.<\/p>\n<p style=\"text-align: justify;\">En el a\u00f1o 1998, despu\u00e9s de atravesar una importante crisis personal, hizo el Camino de Santiago y partir de ah\u00ed, debido a su gran curiosidad, inici\u00f3 una nueva andadura que le llev\u00f3 a explorar el mundo del desarrollo personal. En el a\u00f1o 2000 asisti\u00f3 por primera vez a un seminario de <span class=\"azul_normal\">Rebirthing<\/span> impartido por Natividad Jim\u00e9nez, quien a partir de ese momento se convirti\u00f3 en su maestra y amiga. Despu\u00e9s de participar en numerosos talleres sobre tem\u00e1tica diversa hizo la <span class=\"azul_normal\">formaci\u00f3n como renacedor<\/span> en la primera promoci\u00f3n de la Escuela Canaria de Respiraci\u00f3n (2002-2003) dirigida por Natividad Jim\u00e9nez y ha sido <span class=\"azul_normal\">tutor y coordinador de tutores<\/span> en las dos siguientes formaciones respectivamente.<\/p>\n<p style=\"text-align: justify;\">En el 2004 y el 2005 se inici\u00f3 en los dos primeros niveles de <span class=\"azul_normal\">Reiki\u00a0<\/span> (Usui System of Natural Healing) de la mano del maestro Guillermo Tello. Desde entonces practica esta disciplina que siente que se integra perfectamente con la del Rebirthing en su vida diaria.<\/p>\n<p style=\"text-align: justify;\">Entre 2007 y 2009 atraves\u00f3 unos graves problemas de salud de los que asegura haber sobrevivido, tanto f\u00edsica como mentalmente, gracias a la pr\u00e1ctica de la respiraci\u00f3n, al trabajo con sus pensamientos y al Reiki. Fue durante esa \u00e9poca cuando empez\u00f3 a tomar seminarios con Bob Mandel, uno de los m\u00e1s reconocidos l\u00edderes actuales del Rebirthing y del desarrollo personal, en Girona y Barcelona. En agosto de 2010 particip\u00f3 en un programa de desarrollo personal y entrenamiento profesional de autoestima y respiraci\u00f3n en agua impartido por Bob en Connecticut (EEUU) que lo acredita como facilitador del Programa Internacional de Autoestima. Desde entonces ha formado parte de los equipos de los seminarios que Bob ha impartido en Tenerife.<\/p>\n<p style=\"text-align: justify;\">Ha trabajado tambi\u00e9n con otros renacedores reconocidos como Silvia Jastram, Mar\u00eda Luisa Becerra, Manuel Rodr\u00edguez y Manuel Atienza. Es miembro del <span class=\"azul_normal\">Colectivo de Renacedores de Canarias y de IBF<\/span> (International Brathwork Foundation).<\/p>\n<p style=\"text-align: justify;\">Actualmente se siente muy atra\u00eddo por el tema del liderazgo. En agosto de 2013 hizo un <span class=\"azul_normal\">curso sobre Liderazgo Horizontal<\/span> en Girona, un concepto innovador que le interesa para aplicarlo en el trabajo de equipos.<\/p>\n<p style=\"text-align: justify;\">A \u00a0Agust\u00edn le gusta much\u00edsimo viajar y el contacto con la naturaleza. Disfruta mucho de la m\u00fasica, del baile, \u00a0de la pintura y de las artes en general. Afirma que le gustar\u00eda contribuir, por medio de su trabajo y de las cosas que le gustan y le apasionan, a crear espacios de seguridad donde las personas puedan desarrollar de manera consciente su m\u00e1ximo potencial, para que vivan felices y contribuyan al cuidado y a la conservaci\u00f3n de nuestro planeta y de todas las criaturas que en \u00e9l habitan.<\/p>\n<p style=\"text-align: justify;\">En la actualidad da sesiones individuales de Renacimiento e imparte cursos a trav\u00e9s de la Escuela Canaria de Respiraci\u00f3n. Es el coordinador, para la Escuela, del programa anual de Autoestima.<\/p>\n","protected":false},"excerpt":{"rendered":"<p>Agust\u00edn Hern\u00e1ndez \u00c9vora naci\u00f3 y vivi\u00f3 en Caracas, Venezuela, hasta 1968 cuando sus padres, emigrantes canarios, decidieron regresar a Tenerife donde ha vivido desde entonces. Licenciado en Filolog\u00eda Inglesa por la Universidad de La Laguna (Tenerife), ha trabajado en la ense\u00f1anza p\u00fablica desde 1984. Desde entonces ha continuado ampliando su formaci\u00f3n en diferentes aspectos de&#8230;<\/p>\n","protected":false},"author":2,"featured_media":0,"comment_status":"closed","ping_status":"open","sticky":false,"template":"","format":"standard","meta":[],"categories":[2],"tags":[],"acf":[],"_links":{"self":[{"href":"https:\/\/www.escueladerespiracion.com\/index.php\/wp-json\/wp\/v2\/posts\/181"}],"collection":[{"href":"https:\/\/www.escueladerespiracion.com\/index.php\/wp-json\/wp\/v2\/posts"}],"about":[{"href":"https:\/\/www.escueladerespiracion.com\/index.php\/wp-json\/wp\/v2\/types\/post"}],"author":[{"embeddable":true,"href":"https:\/\/www.escueladerespiracion.com\/index.php\/wp-json\/wp\/v2\/users\/2"}],"replies":[{"embeddable":true,"href":"https:\/\/www.escueladerespiracion.com\/index.php\/wp-json\/wp\/v2\/comments?post=181"}],"version-history":[{"count":6,"href":"https:\/\/www.escueladerespiracion.com\/index.php\/wp-json\/wp\/v2\/posts\/181\/revisions"}],"predecessor-version":[{"id":6293,"href":"https:\/\/www.escueladerespiracion.com\/index.php\/wp-json\/wp\/v2\/posts\/181\/revisions\/6293"}],"wp:attachment":[{"href":"https:\/\/www.escueladerespiracion.com\/index.php\/wp-json\/wp\/v2\/media?parent=181"}],"wp:term":[{"taxonomy":"category","embeddable":true,"href":"https:\/\/www.escueladerespiracion.com\/index.php\/wp-json\/wp\/v2\/categories?post=181"},{"taxonomy":"post_tag","embeddable":true,"href":"https:\/\/www.escueladerespiracion.com\/index.php\/wp-json\/wp\/v2\/tags?post=181"}],"curies":[{"name":"wp","href":"https:\/\/api.w.org\/{rel}","templated":true}]}}