{"id":168,"date":"2013-08-08T15:39:42","date_gmt":"2013-08-08T15:39:42","guid":{"rendered":"http:\/\/www.escueladerespiracion.com\/?p=168"},"modified":"2018-07-23T14:12:20","modified_gmt":"2018-07-23T13:12:20","slug":"acerca-de-mayerling-perluzzo-monforte","status":"publish","type":"post","link":"https:\/\/www.escueladerespiracion.com\/index.php\/acerca-de-mayerling-perluzzo-monforte\/","title":{"rendered":"Acerca de: Mayerling Perluzzo Monforte"},"content":{"rendered":"<p style=\"text-align: left;\"><img loading=\"lazy\" class=\"size-medium wp-image-103 alignleft\" alt=\"Quien_Mayerling\" src=\"http:\/\/www.escueladerespiracion.com\/wp-content\/uploads\/FOTO-Feb-2013-300x251.jpg\" width=\"300\" height=\"251\" srcset=\"https:\/\/www.escueladerespiracion.com\/wp-content\/uploads\/FOTO-Feb-2013-300x251.jpg 300w, https:\/\/www.escueladerespiracion.com\/wp-content\/uploads\/FOTO-Feb-2013.jpg 551w\" sizes=\"(max-width: 300px) 100vw, 300px\" \/><strong class=\"azul_normal\">Mayerling Perluzzo Monforte<\/strong> nace en Venezuela en el a\u00f1o de 1969. Durante su adolescencia estudia en el Colegio Loyola y gracias al contacto con los padres Jesuitas siente un importante inter\u00e9s en el Mundo espiritual y del desarrollo Humano. Ya desde el colegio lideraba grupos Juveniles y realizaba diversas actividades human\u00edsticas.<\/p>\n<p style=\"text-align: justify;\"><strong>Estudia Psicolog\u00eda<\/strong> durante tres a\u00f1os, y luego lo cambia hasta formarse como <strong>Licenciada en Educaci\u00f3n Especialista en Matem\u00e1ticas<\/strong>. Durante su formaci\u00f3n Universitaria empez\u00f3 ya a dar clases a adolescentes en el mismo colegio donde se hab\u00eda formado.<\/p>\n<p style=\"text-align: justify;\">Se casa con Jos\u00e9 Gregorio y juntos atraviesan problemas de infertilidad durante varios a\u00f1os. A los 29 a\u00f1os ya hab\u00edan adoptado una ni\u00f1a y Mayerling atravesaba una fuerte crisis de ansiedad , que no sab\u00eda manejar y decide tomarse unas sesiones de Rebirthing que cambiar\u00edan de manera muy favorable toda su vida.<\/p>\n<p style=\"text-align: justify;\">Por su notable mejor\u00eda a nivel f\u00edsico, mental y emocional decide realizar la primera <span class=\"azul_normal\">formaci\u00f3n de Rebirthing<\/span> de la mano de Silvia Jastram, su primera renacedora y maestra e inmediatamente empieza a organizar para ella diversos grupos y seminarios.<\/p>\n<p style=\"text-align: justify;\">En el a\u00f1o 2002 emigra junto a toda su familia (esposo, dos ni\u00f1as y su abuela) desde Venezuela a Tenerife.<\/p>\n<p style=\"text-align: justify;\">Ese mismo a\u00f1o, participa como alumna en la primera <span class=\"azul_normal\">Formaci\u00f3n de Renacedores<\/span> de la Escuela Canaria de Respiraci\u00f3n organizada por Natividad Jim\u00e9nez y desde ese momento no ha dejado de impartir sesiones individuales de Rebirthing.<\/p>\n<p style=\"text-align: justify;\">Junto a Adelina Alfaro, una de sus compa\u00f1eras y amigas de esa formaci\u00f3n,\u00a0 planifican un <span class=\"azul_normal\">Curso Anual de Desarrollo Personal llamado \u201cViaje del Alma\u201d<\/span> que editan varias veces en Tenerife y Las Palmas.<\/p>\n<p style=\"text-align: justify;\">Actualmente trabaja como asistente de Natividad en todas las actividades de la Escuela Canaria de Respiraci\u00f3n y donde coordina el Programa relacionado con su otra gran pasi\u00f3n: <span class=\"azul_normal\">Un Curso de Milagros<\/span>.<\/p>\n<p style=\"text-align: justify;\">Adem\u00e1s combina sus actividades de madre\u00a0 y esposa, con ser empresaria, dar sesiones y clases a mujeres embarazadas.<\/p>\n","protected":false},"excerpt":{"rendered":"<p>Mayerling Perluzzo Monforte nace en Venezuela en el a\u00f1o de 1969. Durante su adolescencia estudia en el Colegio Loyola y gracias al contacto con los padres Jesuitas siente un importante inter\u00e9s en el Mundo espiritual y del desarrollo Humano. Ya desde el colegio lideraba grupos Juveniles y realizaba diversas actividades human\u00edsticas. Estudia Psicolog\u00eda durante tres&#8230;<\/p>\n","protected":false},"author":2,"featured_media":0,"comment_status":"closed","ping_status":"open","sticky":false,"template":"","format":"standard","meta":[],"categories":[2],"tags":[],"acf":[],"_links":{"self":[{"href":"https:\/\/www.escueladerespiracion.com\/index.php\/wp-json\/wp\/v2\/posts\/168"}],"collection":[{"href":"https:\/\/www.escueladerespiracion.com\/index.php\/wp-json\/wp\/v2\/posts"}],"about":[{"href":"https:\/\/www.escueladerespiracion.com\/index.php\/wp-json\/wp\/v2\/types\/post"}],"author":[{"embeddable":true,"href":"https:\/\/www.escueladerespiracion.com\/index.php\/wp-json\/wp\/v2\/users\/2"}],"replies":[{"embeddable":true,"href":"https:\/\/www.escueladerespiracion.com\/index.php\/wp-json\/wp\/v2\/comments?post=168"}],"version-history":[{"count":9,"href":"https:\/\/www.escueladerespiracion.com\/index.php\/wp-json\/wp\/v2\/posts\/168\/revisions"}],"predecessor-version":[{"id":6294,"href":"https:\/\/www.escueladerespiracion.com\/index.php\/wp-json\/wp\/v2\/posts\/168\/revisions\/6294"}],"wp:attachment":[{"href":"https:\/\/www.escueladerespiracion.com\/index.php\/wp-json\/wp\/v2\/media?parent=168"}],"wp:term":[{"taxonomy":"category","embeddable":true,"href":"https:\/\/www.escueladerespiracion.com\/index.php\/wp-json\/wp\/v2\/categories?post=168"},{"taxonomy":"post_tag","embeddable":true,"href":"https:\/\/www.escueladerespiracion.com\/index.php\/wp-json\/wp\/v2\/tags?post=168"}],"curies":[{"name":"wp","href":"https:\/\/api.w.org\/{rel}","templated":true}]}}