{"id":1644,"date":"2017-09-27T16:39:40","date_gmt":"2017-09-27T16:39:40","guid":{"rendered":"http:\/\/www.escueladerespiracion.com\/?p=1644"},"modified":"2018-07-23T14:10:29","modified_gmt":"2018-07-23T13:10:29","slug":"encuentro-abierto-de-renacedores","status":"publish","type":"post","link":"https:\/\/www.escueladerespiracion.com\/index.php\/encuentro-abierto-de-renacedores\/","title":{"rendered":"Encuentro Abierto de Renacedores"},"content":{"rendered":"<p style=\"text-align: center;\">\n<p>Los d\u00edas 15 al 17 de septiembre nos hemos reunido en Gran Canaria un grupo de Renacedores de toda Espa\u00f1a para compartir acerca de nuestra profesi\u00f3n&#8230; \u00a1Todo un \u00e9xito! Nos reuniremos de nuevo el a\u00f1o 2019 y celebraremos un Congreso Nacional de Renacedores en Gerona&#8230;<\/p>\n","protected":false},"excerpt":{"rendered":"<p>Los d\u00edas 15 al 17 de septiembre nos hemos reunido en Gran Canaria un grupo de Renacedores de toda Espa\u00f1a para compartir acerca de nuestra profesi\u00f3n&#8230; \u00a1Todo un \u00e9xito! Nos reuniremos de nuevo el a\u00f1o 2019 y celebraremos un Congreso Nacional de Renacedores en Gerona&#8230;<\/p>\n","protected":false},"author":2,"featured_media":1645,"comment_status":"closed","ping_status":"open","sticky":false,"template":"","format":"standard","meta":[],"categories":[7],"tags":[],"acf":[],"_links":{"self":[{"href":"https:\/\/www.escueladerespiracion.com\/index.php\/wp-json\/wp\/v2\/posts\/1644"}],"collection":[{"href":"https:\/\/www.escueladerespiracion.com\/index.php\/wp-json\/wp\/v2\/posts"}],"about":[{"href":"https:\/\/www.escueladerespiracion.com\/index.php\/wp-json\/wp\/v2\/types\/post"}],"author":[{"embeddable":true,"href":"https:\/\/www.escueladerespiracion.com\/index.php\/wp-json\/wp\/v2\/users\/2"}],"replies":[{"embeddable":true,"href":"https:\/\/www.escueladerespiracion.com\/index.php\/wp-json\/wp\/v2\/comments?post=1644"}],"version-history":[{"count":3,"href":"https:\/\/www.escueladerespiracion.com\/index.php\/wp-json\/wp\/v2\/posts\/1644\/revisions"}],"predecessor-version":[{"id":5711,"href":"https:\/\/www.escueladerespiracion.com\/index.php\/wp-json\/wp\/v2\/posts\/1644\/revisions\/5711"}],"wp:featuredmedia":[{"embeddable":true,"href":"https:\/\/www.escueladerespiracion.com\/index.php\/wp-json\/wp\/v2\/media\/1645"}],"wp:attachment":[{"href":"https:\/\/www.escueladerespiracion.com\/index.php\/wp-json\/wp\/v2\/media?parent=1644"}],"wp:term":[{"taxonomy":"category","embeddable":true,"href":"https:\/\/www.escueladerespiracion.com\/index.php\/wp-json\/wp\/v2\/categories?post=1644"},{"taxonomy":"post_tag","embeddable":true,"href":"https:\/\/www.escueladerespiracion.com\/index.php\/wp-json\/wp\/v2\/tags?post=1644"}],"curies":[{"name":"wp","href":"https:\/\/api.w.org\/{rel}","templated":true}]}}