{"id":149,"date":"2013-08-08T15:00:15","date_gmt":"2013-08-08T15:00:15","guid":{"rendered":"http:\/\/www.escueladerespiracion.com\/?p=149"},"modified":"2018-07-23T14:12:20","modified_gmt":"2018-07-23T13:12:20","slug":"acerca-de-carlos-compte","status":"publish","type":"post","link":"https:\/\/www.escueladerespiracion.com\/index.php\/acerca-de-carlos-compte\/","title":{"rendered":"Acerca de: Carlos Compte"},"content":{"rendered":"<p style=\"text-align: justify;\"><img loading=\"lazy\" class=\"size-medium wp-image-100 alignleft\" alt=\"Quien_Carlos\" src=\"http:\/\/www.escueladerespiracion.com\/wp-content\/uploads\/Carlos-Mar-2013-300x222.jpg\" width=\"300\" height=\"222\" srcset=\"https:\/\/www.escueladerespiracion.com\/wp-content\/uploads\/Carlos-Mar-2013-300x222.jpg 300w, https:\/\/www.escueladerespiracion.com\/wp-content\/uploads\/Carlos-Mar-2013.jpg 551w\" sizes=\"(max-width: 300px) 100vw, 300px\" \/><strong><span class=\"azul_normal\">Carlos Compte<\/span><\/strong> naci\u00f3 en Santa Cruz de Tenerife en el a\u00f1o 1968.<br \/>\n<strong>Licenciado en Filolog\u00eda Inglesa<\/strong>, lleva m\u00e1s de 25 a\u00f1os ejerciendo como profesor de ingl\u00e9s.<\/p>\n<p style=\"text-align: justify;\">Ha compaginado esta actividad con las de<strong> traductor e int\u00e9rprete<\/strong>; tambi\u00e9n ha sido monitor de teatro, instructor de yoga y empresario, y actualmente est\u00e1 comenzando a desarrollar su vocaci\u00f3n de escritor.<\/p>\n<p style=\"text-align: justify;\">Desde que ten\u00eda diecis\u00e9is a\u00f1os ha estado en contacto con el mundo del crecimiento personal, y en el a\u00f1o 1998 comenz\u00f3 su trabajo con <span class=\"azul_normal\">la respiraci\u00f3n y el pensamiento creativo<\/span>, una poderosa combinaci\u00f3n que ha enriquecido su vida en todos los sentidos y, que seg\u00fan explica, ha supuesto un antes y un despu\u00e9s en su desarrollo personal.<\/p>\n<p style=\"text-align: justify;\">Se ha formado en el mundo del crecimiento personal con profesionales de gran prestigio, como Natividad Jim\u00e9nez, Bob Mandel, Leonard Orr o Mu\u00f1eca Geigel, entre otros; y como <span class=\"azul_normal\">Renacedor en la primera promoci\u00f3n de La Escuela Canaria de Respiraci\u00f3n<\/span>, considerada una de las mejores de Espa\u00f1a.<\/p>\n<p style=\"text-align: justify;\">Desde el a\u00f1o 2003 ha ejercido como renacedor, impartiendo sesiones individuales y grupales, colaborando como asistente en numerosos cursos y como tutor y profesor en la Escuela Canaria de Respiraci\u00f3n, en la que recientemente ha comenzado a impartir seminarios. Todo ello le ha permitido acompa\u00f1ar a cientos de personas en su experiencia con la respiraci\u00f3n y el pensamiento creativo.<\/p>\n<p style=\"text-align: justify;\">A nivel personal Carlos es un <strong>viajero incansable, un \u00e1vido lector y un cin\u00e9filo confeso<\/strong>. Uno de sus mayores deseos es el de contribuir a trav\u00e9s de su vocaci\u00f3n de escritor y de las herramientas de crecimiento personal que tanto le han ayudado en su camino a hacer de este mundo un lugar donde todos nos permitamos cumplir nuestros deseos del coraz\u00f3n y podamos expresar libremente la luz que brilla en nuestro interior.<\/p>\n","protected":false},"excerpt":{"rendered":"<p>Carlos Compte naci\u00f3 en Santa Cruz de Tenerife en el a\u00f1o 1968. Licenciado en Filolog\u00eda Inglesa, lleva m\u00e1s de 25 a\u00f1os ejerciendo como profesor de ingl\u00e9s. Ha compaginado esta actividad con las de traductor e int\u00e9rprete; tambi\u00e9n ha sido monitor de teatro, instructor de yoga y empresario, y actualmente est\u00e1 comenzando a desarrollar su vocaci\u00f3n&#8230;<\/p>\n","protected":false},"author":2,"featured_media":0,"comment_status":"closed","ping_status":"open","sticky":false,"template":"","format":"standard","meta":[],"categories":[2],"tags":[],"acf":[],"_links":{"self":[{"href":"https:\/\/www.escueladerespiracion.com\/index.php\/wp-json\/wp\/v2\/posts\/149"}],"collection":[{"href":"https:\/\/www.escueladerespiracion.com\/index.php\/wp-json\/wp\/v2\/posts"}],"about":[{"href":"https:\/\/www.escueladerespiracion.com\/index.php\/wp-json\/wp\/v2\/types\/post"}],"author":[{"embeddable":true,"href":"https:\/\/www.escueladerespiracion.com\/index.php\/wp-json\/wp\/v2\/users\/2"}],"replies":[{"embeddable":true,"href":"https:\/\/www.escueladerespiracion.com\/index.php\/wp-json\/wp\/v2\/comments?post=149"}],"version-history":[{"count":5,"href":"https:\/\/www.escueladerespiracion.com\/index.php\/wp-json\/wp\/v2\/posts\/149\/revisions"}],"predecessor-version":[{"id":1723,"href":"https:\/\/www.escueladerespiracion.com\/index.php\/wp-json\/wp\/v2\/posts\/149\/revisions\/1723"}],"wp:attachment":[{"href":"https:\/\/www.escueladerespiracion.com\/index.php\/wp-json\/wp\/v2\/media?parent=149"}],"wp:term":[{"taxonomy":"category","embeddable":true,"href":"https:\/\/www.escueladerespiracion.com\/index.php\/wp-json\/wp\/v2\/categories?post=149"},{"taxonomy":"post_tag","embeddable":true,"href":"https:\/\/www.escueladerespiracion.com\/index.php\/wp-json\/wp\/v2\/tags?post=149"}],"curies":[{"name":"wp","href":"https:\/\/api.w.org\/{rel}","templated":true}]}}