{"id":1205,"date":"2014-06-17T10:22:14","date_gmt":"2014-06-17T10:22:14","guid":{"rendered":"http:\/\/www.escueladerespiracion.com\/?p=1205"},"modified":"2018-07-23T14:10:30","modified_gmt":"2018-07-23T13:10:30","slug":"global-inspiration-conference-2014","status":"publish","type":"post","link":"https:\/\/www.escueladerespiracion.com\/index.php\/global-inspiration-conference-2014\/","title":{"rendered":"Global Inspiration Conference 2015"},"content":{"rendered":"<p><a href=\"http:\/\/www.escueladerespiracion.com\/wp-content\/uploads\/Espagnol-definitivo.jpg\"><img loading=\"lazy\" class=\"wp-image-1420 aligncenter\" alt=\"Espagnol definitivo\" src=\"http:\/\/www.escueladerespiracion.com\/wp-content\/uploads\/Espagnol-definitivo-300x100.jpg\" width=\"600\" height=\"200\" \/><\/a><\/p>\n<p style=\"text-align: center;\"><strong>GIC &#8211; Global Inspiration Conference<\/strong><br \/>\nDel 4 al 11 de Julio de 2015. TENERIFE<\/p>\n<p style=\"text-align: justify;\"><strong>El GIC<\/strong> es un evento anual organizado por la Fundaci\u00f3n Internacional de la Respiraci\u00f3n (IBF) &#8211; una organizaci\u00f3n de redes en todo el mundo para los profesionales de respiraci\u00f3n y todos aquellos interesados ??en el poder transformador de la respiraci\u00f3n.<\/p>\n<p style=\"text-align: justify;\">La <strong><span class=\"azul_normal\">Escuela Canaria de Respiraci\u00f3n<\/span><\/strong> es miembro de IBF desde hace m\u00e1s de 10 a\u00f1os y colabora activamente en la organizaci\u00f3n de la GIC<\/p>\n<h4 id=\"yui_3_16_0_1_1434534446311_32619\" style=\"text-align: justify;\"><span id=\"yui_3_16_0_1_1434534446311_32629\" style=\"color: #000080; font-family: arial, 'helvetica neue', helvetica, sans-serif;\">Queremos poder incluir a todas las personas que quieran\u00a0participar en este evento tan maravilloso. Por eso, hemos decidido que abriremos la GIC a personas que quieran venir a d\u00edas sueltos. Tambi\u00e9n hemos decidido abrir las conferencias diarias. Si esto es una opci\u00f3n para ti, sigue leyendo&#8230; \u00a1As\u00ed puedes elegir!<\/span><\/h4>\n<h4 style=\"text-align: justify;\"><span id=\"yui_3_16_0_1_1434534446311_32629\" style=\"color: #000080; font-family: arial, 'helvetica neue', helvetica, sans-serif;\">Aqu\u00ed tienes un\u00a0peque\u00f1o recorrido por algunas de las actividades que se desarrollar\u00e1n.\u00a0<\/span><\/h4>\n<h4 id=\"yui_3_16_0_1_1434534446311_32634\" style=\"text-align: justify;\">\u00a1Empecemos por las conferencias diarias!\u00a1Todav\u00eda est\u00e1s a tiempo! \u00a1No te lo pienses m\u00e1s e inscr\u00edbete! Ya seremos m\u00e1s de 160 personas, \u00bfquieres acompa\u00f1arnos?<\/h4>\n<ul>\n<li>CONFERENCIA DOMINGO, por Dani\u00eblle De Wilde &amp; Fabienne Doyen.-\u00a0Una Mente Clara, un Coraz\u00f3n Salvaje y un Esp\u00edritu C\u00e1lido mantienen viva la llama: Ant\u00eddotos para el burnout.<\/li>\n<li>CONFERENCIA LUNES, por Carlos Velasco.- Psicoterapia respiratoria.<\/li>\n<li>CONFERENCIA MARTES, por Wym Hoff.- C\u00f3mo controlar conscientemente tu sistema inmunol\u00f3gico.<\/li>\n<li>CONFERENCIA MI\u00c9RCOLES, por Rachel Vines.- Actuando como partera con la respiraci\u00f3n&#8230;<\/li>\n<li>CONFERENCIA JUEVES, por Carolina Corada.- Del miedo al amor: el camino del m\u00edstico<\/li>\n<\/ul>\n<h4 id=\"yui_3_16_0_1_1434534446311_33857\" style=\"text-align: justify;\">Y tambi\u00e9n&#8230;\u00a0cada ma\u00f1ana los propios participantes del Congreso ofrecen actividades como yoga, taichi, meditaci\u00f3n y muchas m\u00e1s.\u00a0\u00a0Despu\u00e9s del desayuno, \u00a0nos reunimos todos y meditamos, respiramos, compartimos, conectamos,&#8230; y se proponen una gran variedad de talleres para el espacio de la tarde, entre las 15 y las 18 horas.<\/h4>\n<h4 id=\"yui_3_16_0_1_1434534446311_33875\" style=\"text-align: center;\">\u00a1Recuerda que la mayor\u00eda de los talleres se van ofreciendo durante la semana de manera espont\u00e1nea!<\/h4>\n<h4 id=\"yui_3_16_0_1_1434534446311_33880\" style=\"text-align: center;\">\u00a1Aqu\u00ed algunos de los talleres que habr\u00e1 en las tardes!<\/h4>\n<ul id=\"yui_3_16_0_1_1434534446311_33882\">\n<li id=\"yui_3_16_0_1_1434534446311_33881\">Firewalking\u00a0&#8211;\u00a0Silke Modersohn<\/li>\n<li id=\"yui_3_16_0_1_1434534446311_33978\">The Power of the Breath\u2122\u00a0&#8211;\u00a0\u00a0Doctara Ayo Handy-Kendi<\/li>\n<li id=\"yui_3_16_0_1_1434534446311_33886\">\u00a1Si a la respiraci\u00f3n es un si al cambio!\u00a0&#8211;\u00a0Marie Rose Windels<\/li>\n<li id=\"yui_3_16_0_1_1434534446311_33889\">Recuerda tu Autoestima\u00a0&#8211;\u00a0iMadja Birgit Ahlfeld-Ehrmann<\/li>\n<li id=\"yui_3_16_0_1_1434534446311_33893\">Los tres Pilares de la Felicidad en el trabajo\u00a0&#8211;\u00a0Manuel Atienza Vizarro<\/li>\n<li id=\"yui_3_16_0_1_1434534446311_33897\">El Viajero del Alma: El camino del colibr\u00ed\u00a0&#8211;\u00a0Danielle De Wilde<\/li>\n<li id=\"yui_3_16_0_1_1434534446311_33898\">Tu Primera Vez: La GIC para principiantes: una iniciaci\u00f3n de coraz\u00f3n a coraz\u00f3n-\u00a0Fabienne Doyen<\/li>\n<li id=\"yui_3_16_0_1_1434534446311_34014\">Sanando las Heridas Emocionales entre la Mujer y los Hombres\u00a0&#8211;\u00a0Tilke Platteel-Deur &amp; John Stamoulos<\/li>\n<li id=\"yui_3_16_0_1_1434534446311_34017\">Creciendo en tu Relaci\u00f3n\u00a0&#8211;\u00a0Wilfried and Madya Ehrmann<\/li>\n<li id=\"yui_3_16_0_1_1434534446311_34018\">Reconexi\u00f3n con tu Felicidad Interior\u00a0&#8211;\u00a0Michel Schwarz<\/li>\n<li id=\"yui_3_16_0_1_1434534446311_34019\">\u00bfEres emp\u00e1tico? Domina tu empat\u00eda sin sentirte agotado\u00a0&#8211;\u00a0Jacques Tripogney<\/li>\n<li id=\"yui_3_16_0_1_1434534446311_34020\">Alimentaci\u00f3n y Emociones\u00a0&#8211;\u00a0Vicente Dominguez Solera<\/li>\n<li id=\"yui_3_16_0_1_1434534446311_34021\">Medita en tu respiraci\u00f3n\u00a0&#8211; Natividad Jim\u00e9nez<\/li>\n<\/ul>\n<h4><span style=\"font-family: arial, 'helvetica neue', helvetica, sans-serif;\"><span style=\"font-size: 1em; font-family: Georgia, 'Times New Roman', 'Bitstream Charter', Times, serif;\">\u00a1Y esto es solo para empezar&#8230;!<\/span><\/span><\/h4>\n<p>\u00a1Habr\u00e1 mucho m\u00e1s&#8230;!<\/p>\n<p>Todos los eventos, talleres y conferencias est\u00e1n incluidos en el precio de la GIC. Tambi\u00e9n habr\u00e1 un club para j\u00f3venes ofreciendo actividades para ni\u00f1os.<\/p>\n<p>Si te interesa participar en d\u00edas sueltos o asistir a las conferencias, los precios son estos:<br \/>\n&#8211; Un d\u00eda suelto: 100,00\u20ac<br \/>\n&#8211; Cada conferencia: 30,00\u20ac<\/p>\n<p class=\"azul_normal\" style=\"text-align: center;\"><strong>Recuerda que es un evento \u00fanico. \u00bfTe animas? \u00a1Todav\u00eda est\u00e1s a tiempo!<\/strong><\/p>\n<div id=\"yui_3_16_0_1_1434534446311_33928\">Y, por favor,\u00a0ay\u00fadanos a\u00a0expandir esta informaci\u00f3n.<\/div>\n<div id=\"yiv1818812210yui_3_16_0_1_1426872535199_65723\">\n<div id=\"yiv1818812210yui_3_16_0_1_1426872535199_65734\">\n<div id=\"yiv1818812210yui_3_16_0_1_1426872535199_65758\">\n<div id=\"yiv1818812210yui_3_16_0_1_1426872535199_65757\">\n<div id=\"yui_3_16_0_1_1434534446311_33924\">Y, si todav\u00eda no te has inscrito a la GIC 2015, hazlo ahora utilizando este link:<\/div>\n<div id=\"yui_3_16_0_1_1434534446311_33921\"><a title=\"Enlace para inscribirte\" href=\"http:\/\/www.ibfgic.com\/2015\/?page_id=118&amp;lang=es\" target=\"_blank\" rel=\"nofollow\" shape=\"rect\">ENLACE para REGISTRARTE<\/a><\/div>\n<\/div>\n<\/div>\n<\/div>\n<\/div>\n<p>Para m\u00e1s informaci\u00f3n, picha <a href=\"http:\/\/www.ibfgic.com\/2015\/\">Aqu\u00ed<\/a><\/p>\n","protected":false},"excerpt":{"rendered":"<p>GIC &#8211; Global Inspiration Conference Del 4 al 11 de Julio de 2015. TENERIFE El GIC es un evento anual organizado por la Fundaci\u00f3n Internacional de la Respiraci\u00f3n (IBF) &#8211; una organizaci\u00f3n de redes en todo el mundo para los profesionales de respiraci\u00f3n y todos aquellos interesados ??en el poder transformador de la respiraci\u00f3n. La&#8230;<\/p>\n","protected":false},"author":2,"featured_media":0,"comment_status":"closed","ping_status":"open","sticky":false,"template":"","format":"standard","meta":[],"categories":[7],"tags":[],"acf":[],"_links":{"self":[{"href":"https:\/\/www.escueladerespiracion.com\/index.php\/wp-json\/wp\/v2\/posts\/1205"}],"collection":[{"href":"https:\/\/www.escueladerespiracion.com\/index.php\/wp-json\/wp\/v2\/posts"}],"about":[{"href":"https:\/\/www.escueladerespiracion.com\/index.php\/wp-json\/wp\/v2\/types\/post"}],"author":[{"embeddable":true,"href":"https:\/\/www.escueladerespiracion.com\/index.php\/wp-json\/wp\/v2\/users\/2"}],"replies":[{"embeddable":true,"href":"https:\/\/www.escueladerespiracion.com\/index.php\/wp-json\/wp\/v2\/comments?post=1205"}],"version-history":[{"count":8,"href":"https:\/\/www.escueladerespiracion.com\/index.php\/wp-json\/wp\/v2\/posts\/1205\/revisions"}],"predecessor-version":[{"id":6269,"href":"https:\/\/www.escueladerespiracion.com\/index.php\/wp-json\/wp\/v2\/posts\/1205\/revisions\/6269"}],"wp:attachment":[{"href":"https:\/\/www.escueladerespiracion.com\/index.php\/wp-json\/wp\/v2\/media?parent=1205"}],"wp:term":[{"taxonomy":"category","embeddable":true,"href":"https:\/\/www.escueladerespiracion.com\/index.php\/wp-json\/wp\/v2\/categories?post=1205"},{"taxonomy":"post_tag","embeddable":true,"href":"https:\/\/www.escueladerespiracion.com\/index.php\/wp-json\/wp\/v2\/tags?post=1205"}],"curies":[{"name":"wp","href":"https:\/\/api.w.org\/{rel}","templated":true}]}}